{"id":3581,"date":"2024-01-04T13:57:54","date_gmt":"2024-01-04T13:57:54","guid":{"rendered":"https:\/\/cc90.se\/?p=3581"},"modified":"2024-03-05T13:35:01","modified_gmt":"2024-03-05T13:35:01","slug":"elmia-solar-cc90","status":"publish","type":"post","link":"https:\/\/cc90.se\/sv_se\/elmia-solar-cc90\/","title":{"rendered":"V\u00e4lkommen till v\u00e5r monter p\u00e5 Elmia Solar!"},"content":{"rendered":"\n<figure class=\"wp-block-image size-full is-resized\"><img loading=\"lazy\" decoding=\"async\" width=\"600\" height=\"200\" src=\"https:\/\/cc90.se\/wp-content\/uploads\/2024\/01\/image001.png\" alt=\"\" class=\"wp-image-3582\" style=\"width:718px;height:auto\" srcset=\"https:\/\/cc90.se\/wp-content\/uploads\/2024\/01\/image001.png 600w, https:\/\/cc90.se\/wp-content\/uploads\/2024\/01\/image001-300x100.png 300w\" sizes=\"auto, (max-width: 600px) 100vw, 600px\" \/><\/figure>\n\n\n\n<p><strong>Det \u00e4r extremt sp\u00e4nnande att f\u00e5 verka i ett svenskt f\u00f6retag som befinner sig mitt i den expansiva solenergibranschen. V\u00e5r verksamhet drivs av \u00f6vertygelsen om att det ska vara enkelt att montera solpaneler p\u00e5 tak. D\u00e4rf\u00f6r utvecklade vi <a href=\"https:\/\/cc90.se\/montagesystem\/\">CC90 UNUM<\/a>. Med enkelheten som ledstj\u00e4rna f\u00f6ljer l\u00f6nsamhet och s\u00e4kerhet.<\/strong><\/p>\n\n\n\n<p>Jag \u00e4r stolt \u00f6ver att vi har lyckats utveckla och producera ett av marknadens ledande montagesystem f\u00f6r solpaneler h\u00e4r i Sverige. V\u00e5r strategi \u00e4r att jobba n\u00e4ra v\u00e5ra kunder och partners f\u00f6r att snabbt f\u00e5 fram innovativa l\u00f6sningar som marknaden efterfr\u00e5gar. Sverige \u00e4r v\u00e5r bas men vi ser fram emot att expandera p\u00e5 den europeiska marknaden.<\/p>\n\n\n\n<p>V\u00e5rt team jobbar kontinuerligt med nya id\u00e9er f\u00f6r att ytterligare f\u00f6rb\u00e4ttra v\u00e5rt montagesystem f\u00f6r solpaneler. Kom g\u00e4rna in till v\u00e5r <a href=\"https:\/\/www.elmia.se\/solar\/utstallarlista\/exhibitor\/507456_88083\">monter A04:31<\/a> och se v\u00e5r resa fram\u00e5t med v\u00e5ra nya produkter.&nbsp;<\/p>\n\n\n\n<p><a href=\"&#109;&#97;&#x69;l&#116;&#x6f;&#x3a;t&#111;&#x6d;&#x6d;y&#64;&#x63;&#x63;9&#48;&#x2e;&#x73;e\">Tommy Str\u00f6mberg<\/a>, VD<br>CC90 Composite AB<\/p>\n","protected":false},"excerpt":{"rendered":"<p>Tr\u00e4ffa CC90 Composite p\u00e5 Elmia Solar, 13\u201315 februari, Elmia i J\u00f6nk\u00f6ping. CC90 visar v\u00e5ra nya och innovativa produkter, monter A04:31. Vi ses!<\/p>\n","protected":false},"author":1,"featured_media":3583,"comment_status":"open","ping_status":"open","sticky":false,"template":"","format":"standard","meta":{"_monsterinsights_skip_tracking":false,"_monsterinsights_sitenote_active":false,"_monsterinsights_sitenote_note":"","_monsterinsights_sitenote_category":0,"footnotes":""},"categories":[15,18],"tags":[],"class_list":["post-3581","post","type-post","status-publish","format-standard","has-post-thumbnail","hentry","category-elmia-solar","category-nyhet-cc90"],"blocksy_meta":[],"yoast_head":"<!-- This site is optimized with the Yoast SEO plugin v27.5 - https:\/\/yoast.com\/product\/yoast-seo-wordpress\/ -->\n<title>V\u00e4lkommen till v\u00e5r monter p\u00e5 Elmia Solar! - CC90<\/title>\n<meta name=\"description\" content=\"Tr\u00e4ffa CC90 Composite p\u00e5 Elmia Solar, 13\u201315 februari, Elmia i J\u00f6nk\u00f6ping. CC90 visar v\u00e5ra nya och innovativa produkter, monter A04:31. Vi ses!\" \/>\n<meta name=\"robots\" content=\"index, follow, max-snippet:-1, max-image-preview:large, max-video-preview:-1\" \/>\n<link rel=\"canonical\" href=\"https:\/\/cc90.se\/sv_se\/elmia-solar-cc90\/\" \/>\n<meta property=\"og:locale\" content=\"sv_SE\" \/>\n<meta property=\"og:type\" content=\"article\" \/>\n<meta property=\"og:title\" content=\"V\u00e4lkommen till v\u00e5r monter p\u00e5 Elmia Solar! - CC90\" \/>\n<meta property=\"og:description\" content=\"Tr\u00e4ffa CC90 Composite p\u00e5 Elmia Solar, 13\u201315 februari, Elmia i J\u00f6nk\u00f6ping. CC90 visar v\u00e5ra nya och innovativa produkter, monter A04:31. Vi ses!\" \/>\n<meta property=\"og:url\" content=\"https:\/\/cc90.se\/sv_se\/elmia-solar-cc90\/\" \/>\n<meta property=\"og:site_name\" content=\"CC90\" \/>\n<meta property=\"article:published_time\" content=\"2024-01-04T13:57:54+00:00\" \/>\n<meta property=\"article:modified_time\" content=\"2024-03-05T13:35:01+00:00\" \/>\n<meta property=\"og:image\" content=\"https:\/\/cc90.se\/wp-content\/uploads\/2024\/01\/Elmia_Solar.jpg\" \/>\n\t<meta property=\"og:image:width\" content=\"350\" \/>\n\t<meta property=\"og:image:height\" content=\"350\" \/>\n\t<meta property=\"og:image:type\" content=\"image\/jpeg\" \/>\n<meta name=\"author\" content=\"admin\" \/>\n<meta name=\"twitter:card\" content=\"summary_large_image\" \/>\n<meta name=\"twitter:label1\" content=\"Skriven av\" \/>\n\t<meta name=\"twitter:data1\" content=\"admin\" \/>\n\t<meta name=\"twitter:label2\" content=\"Ber\u00e4knad l\u00e4stid\" \/>\n\t<meta name=\"twitter:data2\" content=\"2 minuter\" \/>\n<script type=\"application\/ld+json\" class=\"yoast-schema-graph\">{\"@context\":\"https:\\\/\\\/schema.org\",\"@graph\":[{\"@type\":\"Article\",\"@id\":\"https:\\\/\\\/cc90.se\\\/elmia-solar-cc90\\\/#article\",\"isPartOf\":{\"@id\":\"https:\\\/\\\/cc90.se\\\/elmia-solar-cc90\\\/\"},\"author\":{\"name\":\"admin\",\"@id\":\"https:\\\/\\\/cc90.se\\\/#\\\/schema\\\/person\\\/fd5c68a535deb873564f799f07b3aa52\"},\"headline\":\"V\u00e4lkommen till v\u00e5r monter p\u00e5 Elmia Solar!\",\"datePublished\":\"2024-01-04T13:57:54+00:00\",\"dateModified\":\"2024-03-05T13:35:01+00:00\",\"mainEntityOfPage\":{\"@id\":\"https:\\\/\\\/cc90.se\\\/elmia-solar-cc90\\\/\"},\"wordCount\":181,\"commentCount\":0,\"publisher\":{\"@id\":\"https:\\\/\\\/cc90.se\\\/#organization\"},\"image\":{\"@id\":\"https:\\\/\\\/cc90.se\\\/elmia-solar-cc90\\\/#primaryimage\"},\"thumbnailUrl\":\"https:\\\/\\\/cc90.se\\\/wp-content\\\/uploads\\\/2024\\\/01\\\/Elmia_Solar.jpg\",\"articleSection\":[\"Elmia Solar\",\"Nyhet CC90\"],\"inLanguage\":\"sv-SE\",\"potentialAction\":[{\"@type\":\"CommentAction\",\"name\":\"Comment\",\"target\":[\"https:\\\/\\\/cc90.se\\\/elmia-solar-cc90\\\/#respond\"]}]},{\"@type\":\"WebPage\",\"@id\":\"https:\\\/\\\/cc90.se\\\/elmia-solar-cc90\\\/\",\"url\":\"https:\\\/\\\/cc90.se\\\/elmia-solar-cc90\\\/\",\"name\":\"V\u00e4lkommen till v\u00e5r monter p\u00e5 Elmia Solar! - CC90\",\"isPartOf\":{\"@id\":\"https:\\\/\\\/cc90.se\\\/#website\"},\"primaryImageOfPage\":{\"@id\":\"https:\\\/\\\/cc90.se\\\/elmia-solar-cc90\\\/#primaryimage\"},\"image\":{\"@id\":\"https:\\\/\\\/cc90.se\\\/elmia-solar-cc90\\\/#primaryimage\"},\"thumbnailUrl\":\"https:\\\/\\\/cc90.se\\\/wp-content\\\/uploads\\\/2024\\\/01\\\/Elmia_Solar.jpg\",\"datePublished\":\"2024-01-04T13:57:54+00:00\",\"dateModified\":\"2024-03-05T13:35:01+00:00\",\"description\":\"Tr\u00e4ffa CC90 Composite p\u00e5 Elmia Solar, 13\u201315 februari, Elmia i J\u00f6nk\u00f6ping. CC90 visar v\u00e5ra nya och innovativa produkter, monter A04:31. Vi ses!\",\"breadcrumb\":{\"@id\":\"https:\\\/\\\/cc90.se\\\/elmia-solar-cc90\\\/#breadcrumb\"},\"inLanguage\":\"sv-SE\",\"potentialAction\":[{\"@type\":\"ReadAction\",\"target\":[\"https:\\\/\\\/cc90.se\\\/elmia-solar-cc90\\\/\"]}]},{\"@type\":\"ImageObject\",\"inLanguage\":\"sv-SE\",\"@id\":\"https:\\\/\\\/cc90.se\\\/elmia-solar-cc90\\\/#primaryimage\",\"url\":\"https:\\\/\\\/cc90.se\\\/wp-content\\\/uploads\\\/2024\\\/01\\\/Elmia_Solar.jpg\",\"contentUrl\":\"https:\\\/\\\/cc90.se\\\/wp-content\\\/uploads\\\/2024\\\/01\\\/Elmia_Solar.jpg\",\"width\":350,\"height\":350},{\"@type\":\"BreadcrumbList\",\"@id\":\"https:\\\/\\\/cc90.se\\\/elmia-solar-cc90\\\/#breadcrumb\",\"itemListElement\":[{\"@type\":\"ListItem\",\"position\":1,\"name\":\"Hem\",\"item\":\"https:\\\/\\\/cc90.se\\\/\"},{\"@type\":\"ListItem\",\"position\":2,\"name\":\"V\u00e4lkommen till v\u00e5r monter p\u00e5 Elmia Solar!\"}]},{\"@type\":\"WebSite\",\"@id\":\"https:\\\/\\\/cc90.se\\\/#website\",\"url\":\"https:\\\/\\\/cc90.se\\\/\",\"name\":\"CC90\",\"description\":\"CC90 UNUM \u00e4r ett l\u00e4ttarbetat montagesystem f\u00f6r solpaneler d\u00e4r skenor och f\u00e4stdetaljer tillverkas i komposit.\",\"publisher\":{\"@id\":\"https:\\\/\\\/cc90.se\\\/#organization\"},\"potentialAction\":[{\"@type\":\"SearchAction\",\"target\":{\"@type\":\"EntryPoint\",\"urlTemplate\":\"https:\\\/\\\/cc90.se\\\/?s={search_term_string}\"},\"query-input\":{\"@type\":\"PropertyValueSpecification\",\"valueRequired\":true,\"valueName\":\"search_term_string\"}}],\"inLanguage\":\"sv-SE\"},{\"@type\":\"Organization\",\"@id\":\"https:\\\/\\\/cc90.se\\\/#organization\",\"name\":\"CC90 Composite AB\",\"url\":\"https:\\\/\\\/cc90.se\\\/\",\"logo\":{\"@type\":\"ImageObject\",\"inLanguage\":\"sv-SE\",\"@id\":\"https:\\\/\\\/cc90.se\\\/#\\\/schema\\\/logo\\\/image\\\/\",\"url\":\"https:\\\/\\\/cc90.se\\\/wp-content\\\/uploads\\\/2023\\\/01\\\/logo_color.png\",\"contentUrl\":\"https:\\\/\\\/cc90.se\\\/wp-content\\\/uploads\\\/2023\\\/01\\\/logo_color.png\",\"width\":736,\"height\":440,\"caption\":\"CC90 Composite AB\"},\"image\":{\"@id\":\"https:\\\/\\\/cc90.se\\\/#\\\/schema\\\/logo\\\/image\\\/\"},\"sameAs\":[\"https:\\\/\\\/www.linkedin.com\\\/company\\\/cc90-composite-ab\\\/\",\"https:\\\/\\\/www.youtube.com\\\/@cc90composite37\"]},{\"@type\":\"Person\",\"@id\":\"https:\\\/\\\/cc90.se\\\/#\\\/schema\\\/person\\\/fd5c68a535deb873564f799f07b3aa52\",\"name\":\"admin\",\"image\":{\"@type\":\"ImageObject\",\"inLanguage\":\"sv-SE\",\"@id\":\"https:\\\/\\\/secure.gravatar.com\\\/avatar\\\/4dc2694cad91d4c817bddc5f25afadd06e2b32bc76fa4890945dd3bc8864c202?s=96&d=mm&r=g\",\"url\":\"https:\\\/\\\/secure.gravatar.com\\\/avatar\\\/4dc2694cad91d4c817bddc5f25afadd06e2b32bc76fa4890945dd3bc8864c202?s=96&d=mm&r=g\",\"contentUrl\":\"https:\\\/\\\/secure.gravatar.com\\\/avatar\\\/4dc2694cad91d4c817bddc5f25afadd06e2b32bc76fa4890945dd3bc8864c202?s=96&d=mm&r=g\",\"caption\":\"admin\"},\"sameAs\":[\"https:\\\/\\\/cc90.se\"],\"url\":\"https:\\\/\\\/cc90.se\\\/sv_se\\\/author\\\/cc90\\\/\"}]}<\/script>\n<!-- \/ Yoast SEO plugin. -->","yoast_head_json":{"title":"V\u00e4lkommen till v\u00e5r monter p\u00e5 Elmia Solar! - CC90","description":"Tr\u00e4ffa CC90 Composite p\u00e5 Elmia Solar, 13\u201315 februari, Elmia i J\u00f6nk\u00f6ping. CC90 visar v\u00e5ra nya och innovativa produkter, monter A04:31. Vi ses!","robots":{"index":"index","follow":"follow","max-snippet":"max-snippet:-1","max-image-preview":"max-image-preview:large","max-video-preview":"max-video-preview:-1"},"canonical":"https:\/\/cc90.se\/sv_se\/elmia-solar-cc90\/","og_locale":"sv_SE","og_type":"article","og_title":"V\u00e4lkommen till v\u00e5r monter p\u00e5 Elmia Solar! - CC90","og_description":"Tr\u00e4ffa CC90 Composite p\u00e5 Elmia Solar, 13\u201315 februari, Elmia i J\u00f6nk\u00f6ping. CC90 visar v\u00e5ra nya och innovativa produkter, monter A04:31. Vi ses!","og_url":"https:\/\/cc90.se\/sv_se\/elmia-solar-cc90\/","og_site_name":"CC90","article_published_time":"2024-01-04T13:57:54+00:00","article_modified_time":"2024-03-05T13:35:01+00:00","og_image":[{"width":350,"height":350,"url":"https:\/\/cc90.se\/wp-content\/uploads\/2024\/01\/Elmia_Solar.jpg","type":"image\/jpeg"}],"author":"admin","twitter_card":"summary_large_image","twitter_misc":{"Skriven av":"admin","Ber\u00e4knad l\u00e4stid":"2 minuter"},"schema":{"@context":"https:\/\/schema.org","@graph":[{"@type":"Article","@id":"https:\/\/cc90.se\/elmia-solar-cc90\/#article","isPartOf":{"@id":"https:\/\/cc90.se\/elmia-solar-cc90\/"},"author":{"name":"admin","@id":"https:\/\/cc90.se\/#\/schema\/person\/fd5c68a535deb873564f799f07b3aa52"},"headline":"V\u00e4lkommen till v\u00e5r monter p\u00e5 Elmia Solar!","datePublished":"2024-01-04T13:57:54+00:00","dateModified":"2024-03-05T13:35:01+00:00","mainEntityOfPage":{"@id":"https:\/\/cc90.se\/elmia-solar-cc90\/"},"wordCount":181,"commentCount":0,"publisher":{"@id":"https:\/\/cc90.se\/#organization"},"image":{"@id":"https:\/\/cc90.se\/elmia-solar-cc90\/#primaryimage"},"thumbnailUrl":"https:\/\/cc90.se\/wp-content\/uploads\/2024\/01\/Elmia_Solar.jpg","articleSection":["Elmia Solar","Nyhet CC90"],"inLanguage":"sv-SE","potentialAction":[{"@type":"CommentAction","name":"Comment","target":["https:\/\/cc90.se\/elmia-solar-cc90\/#respond"]}]},{"@type":"WebPage","@id":"https:\/\/cc90.se\/elmia-solar-cc90\/","url":"https:\/\/cc90.se\/elmia-solar-cc90\/","name":"V\u00e4lkommen till v\u00e5r monter p\u00e5 Elmia Solar! - CC90","isPartOf":{"@id":"https:\/\/cc90.se\/#website"},"primaryImageOfPage":{"@id":"https:\/\/cc90.se\/elmia-solar-cc90\/#primaryimage"},"image":{"@id":"https:\/\/cc90.se\/elmia-solar-cc90\/#primaryimage"},"thumbnailUrl":"https:\/\/cc90.se\/wp-content\/uploads\/2024\/01\/Elmia_Solar.jpg","datePublished":"2024-01-04T13:57:54+00:00","dateModified":"2024-03-05T13:35:01+00:00","description":"Tr\u00e4ffa CC90 Composite p\u00e5 Elmia Solar, 13\u201315 februari, Elmia i J\u00f6nk\u00f6ping. CC90 visar v\u00e5ra nya och innovativa produkter, monter A04:31. Vi ses!","breadcrumb":{"@id":"https:\/\/cc90.se\/elmia-solar-cc90\/#breadcrumb"},"inLanguage":"sv-SE","potentialAction":[{"@type":"ReadAction","target":["https:\/\/cc90.se\/elmia-solar-cc90\/"]}]},{"@type":"ImageObject","inLanguage":"sv-SE","@id":"https:\/\/cc90.se\/elmia-solar-cc90\/#primaryimage","url":"https:\/\/cc90.se\/wp-content\/uploads\/2024\/01\/Elmia_Solar.jpg","contentUrl":"https:\/\/cc90.se\/wp-content\/uploads\/2024\/01\/Elmia_Solar.jpg","width":350,"height":350},{"@type":"BreadcrumbList","@id":"https:\/\/cc90.se\/elmia-solar-cc90\/#breadcrumb","itemListElement":[{"@type":"ListItem","position":1,"name":"Hem","item":"https:\/\/cc90.se\/"},{"@type":"ListItem","position":2,"name":"V\u00e4lkommen till v\u00e5r monter p\u00e5 Elmia Solar!"}]},{"@type":"WebSite","@id":"https:\/\/cc90.se\/#website","url":"https:\/\/cc90.se\/","name":"CC90","description":"CC90 UNUM \u00e4r ett l\u00e4ttarbetat montagesystem f\u00f6r solpaneler d\u00e4r skenor och f\u00e4stdetaljer tillverkas i komposit.","publisher":{"@id":"https:\/\/cc90.se\/#organization"},"potentialAction":[{"@type":"SearchAction","target":{"@type":"EntryPoint","urlTemplate":"https:\/\/cc90.se\/?s={search_term_string}"},"query-input":{"@type":"PropertyValueSpecification","valueRequired":true,"valueName":"search_term_string"}}],"inLanguage":"sv-SE"},{"@type":"Organization","@id":"https:\/\/cc90.se\/#organization","name":"CC90 Composite AB","url":"https:\/\/cc90.se\/","logo":{"@type":"ImageObject","inLanguage":"sv-SE","@id":"https:\/\/cc90.se\/#\/schema\/logo\/image\/","url":"https:\/\/cc90.se\/wp-content\/uploads\/2023\/01\/logo_color.png","contentUrl":"https:\/\/cc90.se\/wp-content\/uploads\/2023\/01\/logo_color.png","width":736,"height":440,"caption":"CC90 Composite AB"},"image":{"@id":"https:\/\/cc90.se\/#\/schema\/logo\/image\/"},"sameAs":["https:\/\/www.linkedin.com\/company\/cc90-composite-ab\/","https:\/\/www.youtube.com\/@cc90composite37"]},{"@type":"Person","@id":"https:\/\/cc90.se\/#\/schema\/person\/fd5c68a535deb873564f799f07b3aa52","name":"admin","image":{"@type":"ImageObject","inLanguage":"sv-SE","@id":"https:\/\/secure.gravatar.com\/avatar\/4dc2694cad91d4c817bddc5f25afadd06e2b32bc76fa4890945dd3bc8864c202?s=96&d=mm&r=g","url":"https:\/\/secure.gravatar.com\/avatar\/4dc2694cad91d4c817bddc5f25afadd06e2b32bc76fa4890945dd3bc8864c202?s=96&d=mm&r=g","contentUrl":"https:\/\/secure.gravatar.com\/avatar\/4dc2694cad91d4c817bddc5f25afadd06e2b32bc76fa4890945dd3bc8864c202?s=96&d=mm&r=g","caption":"admin"},"sameAs":["https:\/\/cc90.se"],"url":"https:\/\/cc90.se\/sv_se\/author\/cc90\/"}]}},"_links":{"self":[{"href":"https:\/\/cc90.se\/sv_se\/wp-json\/wp\/v2\/posts\/3581","targetHints":{"allow":["GET"]}}],"collection":[{"href":"https:\/\/cc90.se\/sv_se\/wp-json\/wp\/v2\/posts"}],"about":[{"href":"https:\/\/cc90.se\/sv_se\/wp-json\/wp\/v2\/types\/post"}],"author":[{"embeddable":true,"href":"https:\/\/cc90.se\/sv_se\/wp-json\/wp\/v2\/users\/1"}],"replies":[{"embeddable":true,"href":"https:\/\/cc90.se\/sv_se\/wp-json\/wp\/v2\/comments?post=3581"}],"version-history":[{"count":3,"href":"https:\/\/cc90.se\/sv_se\/wp-json\/wp\/v2\/posts\/3581\/revisions"}],"predecessor-version":[{"id":3595,"href":"https:\/\/cc90.se\/sv_se\/wp-json\/wp\/v2\/posts\/3581\/revisions\/3595"}],"wp:featuredmedia":[{"embeddable":true,"href":"https:\/\/cc90.se\/sv_se\/wp-json\/wp\/v2\/media\/3583"}],"wp:attachment":[{"href":"https:\/\/cc90.se\/sv_se\/wp-json\/wp\/v2\/media?parent=3581"}],"wp:term":[{"taxonomy":"category","embeddable":true,"href":"https:\/\/cc90.se\/sv_se\/wp-json\/wp\/v2\/categories?post=3581"},{"taxonomy":"post_tag","embeddable":true,"href":"https:\/\/cc90.se\/sv_se\/wp-json\/wp\/v2\/tags?post=3581"}],"curies":[{"name":"wp","href":"https:\/\/api.w.org\/{rel}","templated":true}]}}